{"id":6987,"date":"2025-03-04T12:07:53","date_gmt":"2025-03-04T11:07:53","guid":{"rendered":"https:\/\/www.demenzkongress.com\/?p=6987"},"modified":"2025-03-04T12:09:31","modified_gmt":"2025-03-04T11:09:31","slug":"demenca-in-stigmatizacija-zakaj-je-treba-spremeniti-nas-pogled-na-bolezen","status":"publish","type":"post","link":"https:\/\/www.demenzkongress.com\/sl\/demenca-in-stigmatizacija-zakaj-je-treba-spremeniti-nas-pogled-na-bolezen\/","title":{"rendered":"Demenca in stigmatizacija: zakaj je treba spremeniti na\u0161 pogled na bolezen"},"content":{"rendered":"<div class=\"bt_rc_container\"><p class=\"p1\">Demenca prizadene na milijone ljudi po vsem svetu, vendar je bolezen v \u0161tevilnih dru\u017ebah \u0161e vedno stigmatizirana. Zaradi pomanjkanja znanja, strahov in predsodkov so oboleli in njihove dru\u017eine pogosto socialno izolirani.<\/p>\n<p class=\"p2\"><b>Stigmatizacija demence<\/b> ne le ote\u017euje sodelovanje v dru\u017ebi, ampak lahko tudi upo\u010dasni dostop do zdravstvene pomo\u010di.<\/p>\n<p class=\"p3\"><b>Kako se ka\u017ee stigmatizacija?<\/b><\/p>\n<p class=\"p1\">Osebe z demenco in njihovi svojci pogosto poro\u010dajo o negativnih izku\u0161njah:<\/p>\n<ul class=\"ul1\">\n<li class=\"li4\"><b>socialna izklju\u010denost: <\/b>prijatelji in znanci se umaknejo, ker ne vedo, kako<b> ravnati z bolniki z demenco.<\/b><b><\/b><\/li>\n<li class=\"li4\"><b>pomanjkanje prepoznavnosti: <\/b>diagnoza se v\u010dasih omalova\u017euje ali zavra\u010da kot obi\u010dajen znak staranja<b>.<\/b><b><\/b><\/li>\n<li class=\"li1\"><b>ovire v vsakdanjem \u017eivljenju: <\/b>\u0160tevilni javni prostori in storitve niso prilagojeni potrebam oseb z demenco.<\/li>\n<\/ul>\n<p class=\"p2\">Po podatkih Svetovne zdravstvene organizacije (WHO) ve\u010dina od <b>55 milijonov<\/b> ljudi z demenco na svetu \u017eivi doma, vendar se mnogi od njih po\u010dutijo vse bolj izolirane, saj njihovo socialno okolje pogosto ne ve, kako ravnati v tak\u0161ni situaciji.<\/p>\n<p class=\"p3\"><b>Zakaj je treba spremeniti dru\u017ebeno podobo demence<\/b><\/p>\n<p class=\"p1\">Na\u010din, kako govorimo in razmi\u0161ljamo o demenci, neposredno vpliva na kakovost \u017eivljenja obolelih. Odprt in spo\u0161tljiv pristop lahko pomaga zmanj\u0161ati strahove in ustvariti ve\u010d socialne podpore. Iniciative za demenci prijazno dru\u017ebo se za\u010dnejo \u017ee tukaj:<\/p>\n<ul class=\"ul1\">\n<li class=\"li4\"><b>Kampanje za ozave\u0161\u010danje <\/b>zagotavljajo informacije o demenci in odpravljajo predsodke.<\/li>\n<li class=\"li4\"><b>Demenci prijazne skupnosti <\/b>oblikujejo javne prostore tako, da se prizadete osebe po\u010dutijo varne in vklju\u010dene.<\/li>\n<li class=\"li2\"><b>Izobra\u017eevanje in usposabljanje <\/b>strokovnjakov, sorodnikov in splo\u0161ne javnosti izbolj\u0161ata na\u010din obravnave oseb z demenco<b>.<\/b><b><\/b><\/li>\n<\/ul>\n<p class=\"p1\"><b>Kaj lahko naredi vsak<\/b><\/p>\n<p class=\"p2\">Vsak lahko prispeva k zmanj\u0161anju <b>stigmatizacije demence<\/b>:<\/p>\n<ul class=\"ul1\">\n<li class=\"li3\">Odprti pogovori in odpravljanje predsodkov.<\/li>\n<li class=\"li3\">vklju\u010devanje oseb z demenco v vsakdanje \u017eivljenje in izkazovanje spo\u0161tovanja.<\/li>\n<li class=\"li4\">informiranje o demenci in ustreznih komunikacijskih strategijah<\/li>\n<\/ul>\n<p class=\"p1\"><b>Demenca zadeva vse nas<\/b><\/p>\n<p class=\"p2\"><b>Demenca v dru\u017ebi<\/b> ne sme biti tabu tema. Le \u010de demenco vzamemo kot del \u017eivljenja, lahko ustvarimo okolje, v katerem se prizadete osebe po\u010dutijo razumljene in podprte. Spo\u0161tljivo <b>ravnanje z obolelimi za demenco<\/b> se za\u010dne z znanjem, empatijo in pripravljenostjo dvomiti o predsodkih.<\/p>\n<\/div>","protected":false},"excerpt":{"rendered":"<p>Demenca prizadene na milijone ljudi po vsem svetu, vendar je bolezen v \u0161tevilnih dru\u017ebah \u0161e vedno stigmatizirana. Zaradi pomanjkanja znanja, strahov in predsodkov so oboleli in njihove dru\u017eine pogosto socialno izolirani. Stigmatizacija demence ne le ote\u017euje sodelovanje v dru\u017ebi, ampak lahko tudi upo\u010dasni dostop do zdravstvene pomo\u010di. Kako se ka\u017ee stigmatizacija? Osebe z demenco in [&hellip;]<\/p>\n","protected":false},"author":7,"featured_media":0,"comment_status":"open","ping_status":"open","sticky":false,"template":"","format":"standard","meta":{"footnotes":""},"categories":[75],"tags":[],"class_list":["post-6987","post","type-post","status-publish","format-standard","hentry","category-news"],"yoast_head":"<!-- This site is optimized with the Yoast SEO plugin v26.8 - https:\/\/yoast.com\/product\/yoast-seo-wordpress\/ -->\n<title>Demenca in stigmatizacija: zakaj je treba spremeniti na\u0161 pogled na bolezen - Alpen Adria Demenzkongress<\/title>\n<meta name=\"robots\" content=\"index, follow, max-snippet:-1, max-image-preview:large, max-video-preview:-1\" \/>\n<link rel=\"canonical\" href=\"https:\/\/www.demenzkongress.com\/sl\/demenca-in-stigmatizacija-zakaj-je-treba-spremeniti-nas-pogled-na-bolezen\/\" \/>\n<meta property=\"og:locale\" content=\"sl_SI\" \/>\n<meta property=\"og:type\" content=\"article\" \/>\n<meta property=\"og:title\" content=\"Demenca in stigmatizacija: zakaj je treba spremeniti na\u0161 pogled na bolezen - Alpen Adria Demenzkongress\" \/>\n<meta property=\"og:description\" content=\"Demenca prizadene na milijone ljudi po vsem svetu, vendar je bolezen v \u0161tevilnih dru\u017ebah \u0161e vedno stigmatizirana. Zaradi pomanjkanja znanja, strahov in predsodkov so oboleli in njihove dru\u017eine pogosto socialno izolirani. Stigmatizacija demence ne le ote\u017euje sodelovanje v dru\u017ebi, ampak lahko tudi upo\u010dasni dostop do zdravstvene pomo\u010di. Kako se ka\u017ee stigmatizacija? Osebe z demenco in [&hellip;]\" \/>\n<meta property=\"og:url\" content=\"https:\/\/www.demenzkongress.com\/sl\/demenca-in-stigmatizacija-zakaj-je-treba-spremeniti-nas-pogled-na-bolezen\/\" \/>\n<meta property=\"og:site_name\" content=\"Alpen Adria Demenzkongress\" \/>\n<meta property=\"article:published_time\" content=\"2025-03-04T11:07:53+00:00\" \/>\n<meta property=\"article:modified_time\" content=\"2025-03-04T11:09:31+00:00\" \/>\n<meta name=\"author\" content=\"sgaberscik\" \/>\n<meta name=\"twitter:card\" content=\"summary_large_image\" \/>\n<meta name=\"twitter:label1\" content=\"Written by\" \/>\n\t<meta name=\"twitter:data1\" content=\"sgaberscik\" \/>\n\t<meta name=\"twitter:label2\" content=\"Est. reading time\" \/>\n\t<meta name=\"twitter:data2\" content=\"2 minuti\" \/>\n<script type=\"application\/ld+json\" class=\"yoast-schema-graph\">{\"@context\":\"https:\/\/schema.org\",\"@graph\":[{\"@type\":\"Article\",\"@id\":\"https:\/\/www.demenzkongress.com\/sl\/demenca-in-stigmatizacija-zakaj-je-treba-spremeniti-nas-pogled-na-bolezen\/#article\",\"isPartOf\":{\"@id\":\"https:\/\/www.demenzkongress.com\/sl\/demenca-in-stigmatizacija-zakaj-je-treba-spremeniti-nas-pogled-na-bolezen\/\"},\"author\":{\"name\":\"sgaberscik\",\"@id\":\"https:\/\/www.demenzkongress.com\/sl\/#\/schema\/person\/97fc2be94783c62b0ce57ee4ca31d499\"},\"headline\":\"Demenca in stigmatizacija: zakaj je treba spremeniti na\u0161 pogled na bolezen\",\"datePublished\":\"2025-03-04T11:07:53+00:00\",\"dateModified\":\"2025-03-04T11:09:31+00:00\",\"mainEntityOfPage\":{\"@id\":\"https:\/\/www.demenzkongress.com\/sl\/demenca-in-stigmatizacija-zakaj-je-treba-spremeniti-nas-pogled-na-bolezen\/\"},\"wordCount\":352,\"commentCount\":0,\"publisher\":{\"@id\":\"https:\/\/www.demenzkongress.com\/sl\/#organization\"},\"articleSection\":[\"News\"],\"inLanguage\":\"sl-SI\",\"potentialAction\":[{\"@type\":\"CommentAction\",\"name\":\"Comment\",\"target\":[\"https:\/\/www.demenzkongress.com\/sl\/demenca-in-stigmatizacija-zakaj-je-treba-spremeniti-nas-pogled-na-bolezen\/#respond\"]}]},{\"@type\":\"WebPage\",\"@id\":\"https:\/\/www.demenzkongress.com\/sl\/demenca-in-stigmatizacija-zakaj-je-treba-spremeniti-nas-pogled-na-bolezen\/\",\"url\":\"https:\/\/www.demenzkongress.com\/sl\/demenca-in-stigmatizacija-zakaj-je-treba-spremeniti-nas-pogled-na-bolezen\/\",\"name\":\"Demenca in stigmatizacija: zakaj je treba spremeniti na\u0161 pogled na bolezen - Alpen Adria Demenzkongress\",\"isPartOf\":{\"@id\":\"https:\/\/www.demenzkongress.com\/sl\/#website\"},\"datePublished\":\"2025-03-04T11:07:53+00:00\",\"dateModified\":\"2025-03-04T11:09:31+00:00\",\"breadcrumb\":{\"@id\":\"https:\/\/www.demenzkongress.com\/sl\/demenca-in-stigmatizacija-zakaj-je-treba-spremeniti-nas-pogled-na-bolezen\/#breadcrumb\"},\"inLanguage\":\"sl-SI\",\"potentialAction\":[{\"@type\":\"ReadAction\",\"target\":[\"https:\/\/www.demenzkongress.com\/sl\/demenca-in-stigmatizacija-zakaj-je-treba-spremeniti-nas-pogled-na-bolezen\/\"]}]},{\"@type\":\"BreadcrumbList\",\"@id\":\"https:\/\/www.demenzkongress.com\/sl\/demenca-in-stigmatizacija-zakaj-je-treba-spremeniti-nas-pogled-na-bolezen\/#breadcrumb\",\"itemListElement\":[{\"@type\":\"ListItem\",\"position\":1,\"name\":\"Home\",\"item\":\"https:\/\/www.demenzkongress.com\/sl\/\"},{\"@type\":\"ListItem\",\"position\":2,\"name\":\"Demenca in stigmatizacija: zakaj je treba spremeniti na\u0161 pogled na bolezen\"}]},{\"@type\":\"WebSite\",\"@id\":\"https:\/\/www.demenzkongress.com\/sl\/#website\",\"url\":\"https:\/\/www.demenzkongress.com\/sl\/\",\"name\":\"Alpen Adria Demenzkongress\",\"description\":\"\",\"publisher\":{\"@id\":\"https:\/\/www.demenzkongress.com\/sl\/#organization\"},\"potentialAction\":[{\"@type\":\"SearchAction\",\"target\":{\"@type\":\"EntryPoint\",\"urlTemplate\":\"https:\/\/www.demenzkongress.com\/sl\/?s={search_term_string}\"},\"query-input\":{\"@type\":\"PropertyValueSpecification\",\"valueRequired\":true,\"valueName\":\"search_term_string\"}}],\"inLanguage\":\"sl-SI\"},{\"@type\":\"Organization\",\"@id\":\"https:\/\/www.demenzkongress.com\/sl\/#organization\",\"name\":\"Alpen Adria Demenkongress\",\"url\":\"https:\/\/www.demenzkongress.com\/sl\/\",\"logo\":{\"@type\":\"ImageObject\",\"inLanguage\":\"sl-SI\",\"@id\":\"https:\/\/www.demenzkongress.com\/sl\/#\/schema\/logo\/image\/\",\"url\":\"https:\/\/www.demenzkongress.com\/wp-content\/uploads\/2018\/07\/tickera_logo.png\",\"contentUrl\":\"https:\/\/www.demenzkongress.com\/wp-content\/uploads\/2018\/07\/tickera_logo.png\",\"width\":392,\"height\":88,\"caption\":\"Alpen Adria Demenkongress\"},\"image\":{\"@id\":\"https:\/\/www.demenzkongress.com\/sl\/#\/schema\/logo\/image\/\"}},{\"@type\":\"Person\",\"@id\":\"https:\/\/www.demenzkongress.com\/sl\/#\/schema\/person\/97fc2be94783c62b0ce57ee4ca31d499\",\"name\":\"sgaberscik\",\"image\":{\"@type\":\"ImageObject\",\"inLanguage\":\"sl-SI\",\"@id\":\"https:\/\/www.demenzkongress.com\/sl\/#\/schema\/person\/image\/\",\"url\":\"https:\/\/secure.gravatar.com\/avatar\/4b0b5821705cdb03547da0ba0c918076?s=96&d=mm&r=g\",\"contentUrl\":\"https:\/\/secure.gravatar.com\/avatar\/4b0b5821705cdb03547da0ba0c918076?s=96&d=mm&r=g\",\"caption\":\"sgaberscik\"}}]}<\/script>\n<!-- \/ Yoast SEO plugin. -->","yoast_head_json":{"title":"Demenca in stigmatizacija: zakaj je treba spremeniti na\u0161 pogled na bolezen - Alpen Adria Demenzkongress","robots":{"index":"index","follow":"follow","max-snippet":"max-snippet:-1","max-image-preview":"max-image-preview:large","max-video-preview":"max-video-preview:-1"},"canonical":"https:\/\/www.demenzkongress.com\/sl\/demenca-in-stigmatizacija-zakaj-je-treba-spremeniti-nas-pogled-na-bolezen\/","og_locale":"sl_SI","og_type":"article","og_title":"Demenca in stigmatizacija: zakaj je treba spremeniti na\u0161 pogled na bolezen - Alpen Adria Demenzkongress","og_description":"Demenca prizadene na milijone ljudi po vsem svetu, vendar je bolezen v \u0161tevilnih dru\u017ebah \u0161e vedno stigmatizirana. Zaradi pomanjkanja znanja, strahov in predsodkov so oboleli in njihove dru\u017eine pogosto socialno izolirani. Stigmatizacija demence ne le ote\u017euje sodelovanje v dru\u017ebi, ampak lahko tudi upo\u010dasni dostop do zdravstvene pomo\u010di. Kako se ka\u017ee stigmatizacija? Osebe z demenco in [&hellip;]","og_url":"https:\/\/www.demenzkongress.com\/sl\/demenca-in-stigmatizacija-zakaj-je-treba-spremeniti-nas-pogled-na-bolezen\/","og_site_name":"Alpen Adria Demenzkongress","article_published_time":"2025-03-04T11:07:53+00:00","article_modified_time":"2025-03-04T11:09:31+00:00","author":"sgaberscik","twitter_card":"summary_large_image","twitter_misc":{"Written by":"sgaberscik","Est. reading time":"2 minuti"},"schema":{"@context":"https:\/\/schema.org","@graph":[{"@type":"Article","@id":"https:\/\/www.demenzkongress.com\/sl\/demenca-in-stigmatizacija-zakaj-je-treba-spremeniti-nas-pogled-na-bolezen\/#article","isPartOf":{"@id":"https:\/\/www.demenzkongress.com\/sl\/demenca-in-stigmatizacija-zakaj-je-treba-spremeniti-nas-pogled-na-bolezen\/"},"author":{"name":"sgaberscik","@id":"https:\/\/www.demenzkongress.com\/sl\/#\/schema\/person\/97fc2be94783c62b0ce57ee4ca31d499"},"headline":"Demenca in stigmatizacija: zakaj je treba spremeniti na\u0161 pogled na bolezen","datePublished":"2025-03-04T11:07:53+00:00","dateModified":"2025-03-04T11:09:31+00:00","mainEntityOfPage":{"@id":"https:\/\/www.demenzkongress.com\/sl\/demenca-in-stigmatizacija-zakaj-je-treba-spremeniti-nas-pogled-na-bolezen\/"},"wordCount":352,"commentCount":0,"publisher":{"@id":"https:\/\/www.demenzkongress.com\/sl\/#organization"},"articleSection":["News"],"inLanguage":"sl-SI","potentialAction":[{"@type":"CommentAction","name":"Comment","target":["https:\/\/www.demenzkongress.com\/sl\/demenca-in-stigmatizacija-zakaj-je-treba-spremeniti-nas-pogled-na-bolezen\/#respond"]}]},{"@type":"WebPage","@id":"https:\/\/www.demenzkongress.com\/sl\/demenca-in-stigmatizacija-zakaj-je-treba-spremeniti-nas-pogled-na-bolezen\/","url":"https:\/\/www.demenzkongress.com\/sl\/demenca-in-stigmatizacija-zakaj-je-treba-spremeniti-nas-pogled-na-bolezen\/","name":"Demenca in stigmatizacija: zakaj je treba spremeniti na\u0161 pogled na bolezen - Alpen Adria Demenzkongress","isPartOf":{"@id":"https:\/\/www.demenzkongress.com\/sl\/#website"},"datePublished":"2025-03-04T11:07:53+00:00","dateModified":"2025-03-04T11:09:31+00:00","breadcrumb":{"@id":"https:\/\/www.demenzkongress.com\/sl\/demenca-in-stigmatizacija-zakaj-je-treba-spremeniti-nas-pogled-na-bolezen\/#breadcrumb"},"inLanguage":"sl-SI","potentialAction":[{"@type":"ReadAction","target":["https:\/\/www.demenzkongress.com\/sl\/demenca-in-stigmatizacija-zakaj-je-treba-spremeniti-nas-pogled-na-bolezen\/"]}]},{"@type":"BreadcrumbList","@id":"https:\/\/www.demenzkongress.com\/sl\/demenca-in-stigmatizacija-zakaj-je-treba-spremeniti-nas-pogled-na-bolezen\/#breadcrumb","itemListElement":[{"@type":"ListItem","position":1,"name":"Home","item":"https:\/\/www.demenzkongress.com\/sl\/"},{"@type":"ListItem","position":2,"name":"Demenca in stigmatizacija: zakaj je treba spremeniti na\u0161 pogled na bolezen"}]},{"@type":"WebSite","@id":"https:\/\/www.demenzkongress.com\/sl\/#website","url":"https:\/\/www.demenzkongress.com\/sl\/","name":"Alpen Adria Demenzkongress","description":"","publisher":{"@id":"https:\/\/www.demenzkongress.com\/sl\/#organization"},"potentialAction":[{"@type":"SearchAction","target":{"@type":"EntryPoint","urlTemplate":"https:\/\/www.demenzkongress.com\/sl\/?s={search_term_string}"},"query-input":{"@type":"PropertyValueSpecification","valueRequired":true,"valueName":"search_term_string"}}],"inLanguage":"sl-SI"},{"@type":"Organization","@id":"https:\/\/www.demenzkongress.com\/sl\/#organization","name":"Alpen Adria Demenkongress","url":"https:\/\/www.demenzkongress.com\/sl\/","logo":{"@type":"ImageObject","inLanguage":"sl-SI","@id":"https:\/\/www.demenzkongress.com\/sl\/#\/schema\/logo\/image\/","url":"https:\/\/www.demenzkongress.com\/wp-content\/uploads\/2018\/07\/tickera_logo.png","contentUrl":"https:\/\/www.demenzkongress.com\/wp-content\/uploads\/2018\/07\/tickera_logo.png","width":392,"height":88,"caption":"Alpen Adria Demenkongress"},"image":{"@id":"https:\/\/www.demenzkongress.com\/sl\/#\/schema\/logo\/image\/"}},{"@type":"Person","@id":"https:\/\/www.demenzkongress.com\/sl\/#\/schema\/person\/97fc2be94783c62b0ce57ee4ca31d499","name":"sgaberscik","image":{"@type":"ImageObject","inLanguage":"sl-SI","@id":"https:\/\/www.demenzkongress.com\/sl\/#\/schema\/person\/image\/","url":"https:\/\/secure.gravatar.com\/avatar\/4b0b5821705cdb03547da0ba0c918076?s=96&d=mm&r=g","contentUrl":"https:\/\/secure.gravatar.com\/avatar\/4b0b5821705cdb03547da0ba0c918076?s=96&d=mm&r=g","caption":"sgaberscik"}}]}},"_links":{"self":[{"href":"https:\/\/www.demenzkongress.com\/sl\/wp-json\/wp\/v2\/posts\/6987","targetHints":{"allow":["GET"]}}],"collection":[{"href":"https:\/\/www.demenzkongress.com\/sl\/wp-json\/wp\/v2\/posts"}],"about":[{"href":"https:\/\/www.demenzkongress.com\/sl\/wp-json\/wp\/v2\/types\/post"}],"author":[{"embeddable":true,"href":"https:\/\/www.demenzkongress.com\/sl\/wp-json\/wp\/v2\/users\/7"}],"replies":[{"embeddable":true,"href":"https:\/\/www.demenzkongress.com\/sl\/wp-json\/wp\/v2\/comments?post=6987"}],"version-history":[{"count":1,"href":"https:\/\/www.demenzkongress.com\/sl\/wp-json\/wp\/v2\/posts\/6987\/revisions"}],"predecessor-version":[{"id":6988,"href":"https:\/\/www.demenzkongress.com\/sl\/wp-json\/wp\/v2\/posts\/6987\/revisions\/6988"}],"wp:attachment":[{"href":"https:\/\/www.demenzkongress.com\/sl\/wp-json\/wp\/v2\/media?parent=6987"}],"wp:term":[{"taxonomy":"category","embeddable":true,"href":"https:\/\/www.demenzkongress.com\/sl\/wp-json\/wp\/v2\/categories?post=6987"},{"taxonomy":"post_tag","embeddable":true,"href":"https:\/\/www.demenzkongress.com\/sl\/wp-json\/wp\/v2\/tags?post=6987"}],"curies":[{"name":"wp","href":"https:\/\/api.w.org\/{rel}","templated":true}]}}